{"id":3066,"date":"2026-04-28T12:18:17","date_gmt":"2026-04-28T18:18:17","guid":{"rendered":"https:\/\/estrendnoticias.com\/?p=3066"},"modified":"2026-04-28T12:18:17","modified_gmt":"2026-04-28T18:18:17","slug":"busca-taylor-swift-proteccion-de-ia","status":"publish","type":"post","link":"https:\/\/estrendnoticias.com\/?p=3066","title":{"rendered":"Busca Taylor Swift protecci\u00f3n de IA"},"content":{"rendered":"<h2 class=\"subhead\" data-reader-unique-id=\"subheadElement\"><\/h2>\n<div class=\"leading-image\"><\/div>\n<p data-reader-unique-id=\"1\"><span data-reader-unique-id=\"2\">Taylor Swift present\u00f3 solicitudes ante la Oficina de Patentes y Marcas Registradas de Estados Unidos (USPTO, en ingl\u00e9s) para registrar su voz e imagen como una marca comercial, ante el surgimiento de contenido generado con Inteligencia Artificial (IA).<\/span><\/p>\n<p data-reader-unique-id=\"4\"><span data-reader-unique-id=\"5\">La cantante envi\u00f3 dos muestras de su voz a la USPTO, cada una comienza con \u00abHola, soy Taylor\u00bb y anuncia el lanzamiento de su m\u00e1s reciente \u00e1lbum, The Life of a Showgirl, que se public\u00f3 a comienzos de octubre.<\/span><\/p>\n<p data-reader-unique-id=\"7\"><span data-reader-unique-id=\"8\">La tercera solicitud la present\u00f3 con \u00abuna fotograf\u00eda de la cantautora sosteniendo una guitarra rosa con una correa negra y vistiendo un body iridiscente multicolor con botas plateadas. Est\u00e1 de pie sobre un escenario rosa frente a un micr\u00f3fono multicolor con luces moradas de fondo\u00bb, retom\u00f3 Variety.\u00a0<\/span><\/p>\n<p data-reader-unique-id=\"10\"><span data-reader-unique-id=\"11\">Josh Gerben , abogado especializado en marcas y fundador de Gerben IP, se\u00f1al\u00f3 en el blog de su bufete que estas solicitudes podr\u00edan impedir el uso de la IA.<\/span><\/p>\n<p data-reader-unique-id=\"13\"><span data-reader-unique-id=\"14\">\u00abEn teor\u00eda, si se presentara una demanda por el uso de la voz de Swift por parte de una IA , ella podr\u00eda alegar que cualquier uso de su voz que suene como la marca registrada viola sus derechos de marca. La solicitud basada en im\u00e1genes tiene un prop\u00f3sito similar. Al proteger un elemento visual distintivo, como el mono y la pose que Swift suele usar, el equipo de Swift podr\u00eda obtener argumentos adicionales para presentar demandas contra im\u00e1genes manipuladas o generadas por IA que evoquen su imagen\u00bb, indic\u00f3.<\/span><\/p>\n<p data-reader-unique-id=\"16\"><span data-reader-unique-id=\"17\">En septiembre de 2024, la estrella conden\u00f3 la publicaci\u00f3n en la p\u00e1gina web de la campa\u00f1a de Donald Trump de una imagen falsa de ella en la que supuestamente ped\u00eda a las personas respaldar la candidatura del multimillonario republicano.<\/span><\/p>\n<p data-reader-unique-id=\"19\"><span data-reader-unique-id=\"20\">\u00abEsto acrecent\u00f3 mis miedos sobre la IA, y los peligros de divulgar desinformaci\u00f3n\u00bb, escribi\u00f3 la int\u00e9rprete de \u00abOpalite\u00bb en ese momento en Instagram.<\/span><\/p>\n<p data-reader-unique-id=\"22\"><span data-reader-unique-id=\"23\">En enero pasado, el actor Matthew McConaughey fue el primer artista en pedir a la USPTO protecci\u00f3n contra el uso indebido de su voz por parte de modelos de IA.<\/span><\/p>\n<p data-reader-unique-id=\"25\"><span data-reader-unique-id=\"26\">Numerosos artistas han manifestado su preocupaci\u00f3n por el uso de su imagen y voz en creaciones de Inteligencia Artificial.<\/span><\/p>\n<p data-reader-unique-id=\"28\"><span data-reader-unique-id=\"29\">Varios estados de EU han aprobado leyes para prohibir esta pr\u00e1ctica, pero muchos se enfocan sobre todo en usos maliciosos o con prop\u00f3sitos comerciales.\u00a0<\/span><\/p>\n<p data-reader-unique-id=\"31\"><span data-reader-unique-id=\"32\">S\u00f3lo algunas, como la aprobada en 2024 en Tennessee, ofrecen una protecci\u00f3n mayor.<\/span><\/p>\n<p data-reader-unique-id=\"34\"><span data-reader-unique-id=\"35\">Pocos actores han iniciado acciones legales para proteger sus derechos. El ejemplo m\u00e1s notable es el de Scarlett Johansson, quien en 2023 demand\u00f3 a la app Lisa AI por crear, sin su consentimiento, un avatar similar a ella con fines publicitarios.<\/span><\/p>\n","protected":false},"excerpt":{"rendered":"<p>Taylor Swift present\u00f3 solicitudes ante la Oficina de Patentes y Marcas Registradas de Estados Unidos (USPTO, en ingl\u00e9s) para registrar su voz e imagen como una marca comercial, ante el surgimiento de contenido generado con Inteligencia Artificial (IA). La cantante envi\u00f3 dos muestras de su voz a la USPTO, cada una comienza con \u00abHola, soy [&hellip;]<\/p>\n","protected":false},"author":190619451,"featured_media":3068,"comment_status":"closed","ping_status":"closed","sticky":false,"template":"","format":"standard","meta":{"_coblocks_attr":"","_coblocks_dimensions":"","_coblocks_responsive_height":"","_coblocks_accordion_ie_support":"","_crdt_document":"","sb_editor_width":"","advanced_seo_description":"","jetpack_seo_html_title":"","jetpack_seo_noindex":false,"_jetpack_newsletter_access":"","_jetpack_dont_email_post_to_subs":false,"_jetpack_newsletter_tier_id":0,"_jetpack_memberships_contains_paywalled_content":false,"_jetpack_memberships_contains_paid_content":false,"footnotes":"","jetpack_publicize_message":"#Espect\u00e1culos Busca Taylor Swift protecci\u00f3n de IA\r\nJosh Gerben , abogado especializado en marcas y fundador de Gerben IP, se\u00f1al\u00f3 en el blog de su bufete que estas solicitudes podr\u00edan impedir el uso de la IA","jetpack_publicize_feature_enabled":true,"jetpack_social_post_already_shared":true,"jetpack_social_options":{"image_generator_settings":{"template":"highway","default_image_id":0,"font":"","enabled":false},"version":2},"_wpas_customize_per_network":false,"jetpack_post_was_ever_published":false},"categories":[36],"tags":[],"class_list":["post-3066","post","type-post","status-publish","format-standard","has-post-thumbnail","hentry","category-espectaculos"],"relative_dates":{"created":"2 d\u00edas ago","modified":"2 d\u00edas ago"},"jetpack_publicize_connections":[],"jetpack_featured_media_url":"https:\/\/i0.wp.com\/estrendnoticias.com\/wp-content\/uploads\/2026\/04\/TAYLOR.jpg?fit=992%2C595&ssl=1","jetpack_likes_enabled":false,"jetpack_sharing_enabled":true,"jetpack_shortlink":"https:\/\/wp.me\/pcf1Un-Ns","jetpack-related-posts":[{"id":1627,"url":"https:\/\/estrendnoticias.com\/?p=1627","url_meta":{"origin":3066,"position":0},"title":"Sheinbaum entre las mujeres m\u00e1s poderosas del mundo: Forbes","author":"Redacci\u00f3n","date":"10 diciembre, 2025","format":false,"excerpt":"La revista Forbes incluy\u00f3 a Claudia Sheinbaum Pardo en su lista de 'Las mujeres m\u00e1s poderosas del mundo en 2025', ocupando el lugar n\u00famero 5 dentro de un listado de 100 nombres La revista Forbes incluy\u00f3 a Claudia Sheinbaum Pardo en su lista de \"Las mujeres m\u00e1s poderosas del mundo\u2026","rel":"","context":"En \u00abNacionales\u00bb","block_context":{"text":"Nacionales","link":"https:\/\/estrendnoticias.com\/?cat=40"},"img":{"alt_text":"","src":"https:\/\/i0.wp.com\/estrendnoticias.com\/wp-content\/uploads\/2025\/12\/FORBES.jpg?fit=992%2C595&ssl=1&resize=350%2C200","width":350,"height":200,"srcset":"https:\/\/i0.wp.com\/estrendnoticias.com\/wp-content\/uploads\/2025\/12\/FORBES.jpg?fit=992%2C595&ssl=1&resize=350%2C200 1x, https:\/\/i0.wp.com\/estrendnoticias.com\/wp-content\/uploads\/2025\/12\/FORBES.jpg?fit=992%2C595&ssl=1&resize=525%2C300 1.5x, https:\/\/i0.wp.com\/estrendnoticias.com\/wp-content\/uploads\/2025\/12\/FORBES.jpg?fit=992%2C595&ssl=1&resize=700%2C400 2x"},"classes":[]},{"id":1912,"url":"https:\/\/estrendnoticias.com\/?p=1912","url_meta":{"origin":3066,"position":1},"title":"Conoce las pelucas m\u00e1s caras de Hollywood","author":"Redacci\u00f3n","date":"6 enero, 2026","format":false,"excerpt":"En el cine, el cabello nunca es un detalle secundario. Una peluca puede definir una \u00e9poca, sostener una identidad ficticia o convertir a un personaje en un \u00edcono cultura M\u00e1s que un accesorio, las pelucas m\u00e1s costosas del cine se han convertido en piezas clave para construir personajes, \u00e9pocas y\u2026","rel":"","context":"En \u00abEspect\u00e1culos\u00bb","block_context":{"text":"Espect\u00e1culos","link":"https:\/\/estrendnoticias.com\/?cat=36"},"img":{"alt_text":"","src":"https:\/\/i0.wp.com\/estrendnoticias.com\/wp-content\/uploads\/2026\/01\/PELUCAS.jpg?fit=992%2C595&ssl=1&resize=350%2C200","width":350,"height":200,"srcset":"https:\/\/i0.wp.com\/estrendnoticias.com\/wp-content\/uploads\/2026\/01\/PELUCAS.jpg?fit=992%2C595&ssl=1&resize=350%2C200 1x, https:\/\/i0.wp.com\/estrendnoticias.com\/wp-content\/uploads\/2026\/01\/PELUCAS.jpg?fit=992%2C595&ssl=1&resize=525%2C300 1.5x, https:\/\/i0.wp.com\/estrendnoticias.com\/wp-content\/uploads\/2026\/01\/PELUCAS.jpg?fit=992%2C595&ssl=1&resize=700%2C400 2x"},"classes":[]},{"id":1749,"url":"https:\/\/estrendnoticias.com\/?p=1749","url_meta":{"origin":3066,"position":2},"title":"\u00a1Buenas noticias! En este tiempo se eliminan las deudas en Bur\u00f3 de Cr\u00e9dito","author":"Redacci\u00f3n","date":"16 diciembre, 2025","format":false,"excerpt":"Si tienes algunas deudas que no te dejan dormir, te compartimos esta informaci\u00f3n que puede hacer que vuelvas a conciliar el sue\u00f1o No puedes dormir. Despiertas a mitad de la noche sobresaltado, con dolor de cabeza, con ansiedad. Cuando comienza el d\u00eda, no dejas de pensar en c\u00f3mo le vas\u2026","rel":"","context":"En \u00abEn el Trend\u00bb","block_context":{"text":"En el Trend","link":"https:\/\/estrendnoticias.com\/?cat=33"},"img":{"alt_text":"","src":"https:\/\/i0.wp.com\/estrendnoticias.com\/wp-content\/uploads\/2025\/12\/f848x477-1184640_1242443_5050.jpg?fit=848%2C477&ssl=1&resize=350%2C200","width":350,"height":200,"srcset":"https:\/\/i0.wp.com\/estrendnoticias.com\/wp-content\/uploads\/2025\/12\/f848x477-1184640_1242443_5050.jpg?fit=848%2C477&ssl=1&resize=350%2C200 1x, https:\/\/i0.wp.com\/estrendnoticias.com\/wp-content\/uploads\/2025\/12\/f848x477-1184640_1242443_5050.jpg?fit=848%2C477&ssl=1&resize=525%2C300 1.5x, https:\/\/i0.wp.com\/estrendnoticias.com\/wp-content\/uploads\/2025\/12\/f848x477-1184640_1242443_5050.jpg?fit=848%2C477&ssl=1&resize=700%2C400 2x"},"classes":[]},{"id":2838,"url":"https:\/\/estrendnoticias.com\/?p=2838","url_meta":{"origin":3066,"position":3},"title":"Hallan viva a influencer plagiada en Culiac\u00e1n","author":"Redacci\u00f3n","date":"31 marzo, 2026","format":false,"excerpt":"La creadora de contenido y repostera Carmi\u00f1a Miroslava Castro Salazar, de 29 a\u00f1os, fue localizada con vida la madrugada de este martes 31 de marzo, luego de haber sido privada de la libertad por un grupo armado en Culiac\u00e1n, Sinaloa, confirmaron fuentes locales del Estado. \u00a0De acuerdo con reportes oficiales,\u2026","rel":"","context":"En \u00abNacionales\u00bb","block_context":{"text":"Nacionales","link":"https:\/\/estrendnoticias.com\/?cat=40"},"img":{"alt_text":"","src":"https:\/\/i0.wp.com\/estrendnoticias.com\/wp-content\/uploads\/2026\/03\/INFLUENCER-CULIACAN2.jpg?fit=992%2C595&ssl=1&resize=350%2C200","width":350,"height":200,"srcset":"https:\/\/i0.wp.com\/estrendnoticias.com\/wp-content\/uploads\/2026\/03\/INFLUENCER-CULIACAN2.jpg?fit=992%2C595&ssl=1&resize=350%2C200 1x, https:\/\/i0.wp.com\/estrendnoticias.com\/wp-content\/uploads\/2026\/03\/INFLUENCER-CULIACAN2.jpg?fit=992%2C595&ssl=1&resize=525%2C300 1.5x, https:\/\/i0.wp.com\/estrendnoticias.com\/wp-content\/uploads\/2026\/03\/INFLUENCER-CULIACAN2.jpg?fit=992%2C595&ssl=1&resize=700%2C400 2x"},"classes":[]},{"id":2636,"url":"https:\/\/estrendnoticias.com\/?p=2636","url_meta":{"origin":3066,"position":4},"title":"Regresa Bruno Mars a CDMX con cuatro shows en diciembre","author":"Redacci\u00f3n","date":"5 marzo, 2026","format":false,"excerpt":"Durante las fechas reci\u00e9n anunciadas, Mars contar\u00e1 con la participaci\u00f3n de su colaborador Anderson .Paak, quien se presentar\u00e1 como DJ Pee .Wee El cantante y productor Bruno Mars anunci\u00f3 su regreso a M\u00e9xico con cuatro conciertos en la CDMX como parte de su gira mundial The Romantic Tour. \u00a0Las nuevas\u2026","rel":"","context":"En \u00abEspect\u00e1culos\u00bb","block_context":{"text":"Espect\u00e1culos","link":"https:\/\/estrendnoticias.com\/?cat=36"},"img":{"alt_text":"","src":"https:\/\/i0.wp.com\/estrendnoticias.com\/wp-content\/uploads\/2026\/03\/BRUNOMARS.jpg?fit=992%2C595&ssl=1&resize=350%2C200","width":350,"height":200,"srcset":"https:\/\/i0.wp.com\/estrendnoticias.com\/wp-content\/uploads\/2026\/03\/BRUNOMARS.jpg?fit=992%2C595&ssl=1&resize=350%2C200 1x, https:\/\/i0.wp.com\/estrendnoticias.com\/wp-content\/uploads\/2026\/03\/BRUNOMARS.jpg?fit=992%2C595&ssl=1&resize=525%2C300 1.5x, https:\/\/i0.wp.com\/estrendnoticias.com\/wp-content\/uploads\/2026\/03\/BRUNOMARS.jpg?fit=992%2C595&ssl=1&resize=700%2C400 2x"},"classes":[]},{"id":2924,"url":"https:\/\/estrendnoticias.com\/?p=2924","url_meta":{"origin":3066,"position":5},"title":"Los \u00c1ngeles Azules y Belinda alistan &#8216;Por ella&#8217; para el Mundial 2026","author":"Redacci\u00f3n","date":"15 abril, 2026","format":false,"excerpt":"La m\u00fasica comienza a calentar motores rumbo a la Copa del Mundo y M\u00e9xico ya tiene un tema que promete convertirse en uno de los himnos del torneo. La FIFA revel\u00f3 un adelanto de \u201cPor ella\u201d, la nueva canci\u00f3n interpretada por Los \u00c1ngeles Azules y Belinda, una colaboraci\u00f3n que mezcla\u2026","rel":"","context":"En \u00abEspect\u00e1culos\u00bb","block_context":{"text":"Espect\u00e1culos","link":"https:\/\/estrendnoticias.com\/?cat=36"},"img":{"alt_text":"","src":"https:\/\/i0.wp.com\/estrendnoticias.com\/wp-content\/uploads\/2026\/04\/belindaa36.jpg?fit=992%2C595&ssl=1&resize=350%2C200","width":350,"height":200,"srcset":"https:\/\/i0.wp.com\/estrendnoticias.com\/wp-content\/uploads\/2026\/04\/belindaa36.jpg?fit=992%2C595&ssl=1&resize=350%2C200 1x, https:\/\/i0.wp.com\/estrendnoticias.com\/wp-content\/uploads\/2026\/04\/belindaa36.jpg?fit=992%2C595&ssl=1&resize=525%2C300 1.5x, https:\/\/i0.wp.com\/estrendnoticias.com\/wp-content\/uploads\/2026\/04\/belindaa36.jpg?fit=992%2C595&ssl=1&resize=700%2C400 2x"},"classes":[]}],"_links":{"self":[{"href":"https:\/\/estrendnoticias.com\/index.php?rest_route=\/wp\/v2\/posts\/3066","targetHints":{"allow":["GET"]}}],"collection":[{"href":"https:\/\/estrendnoticias.com\/index.php?rest_route=\/wp\/v2\/posts"}],"about":[{"href":"https:\/\/estrendnoticias.com\/index.php?rest_route=\/wp\/v2\/types\/post"}],"author":[{"embeddable":true,"href":"https:\/\/estrendnoticias.com\/index.php?rest_route=\/wp\/v2\/users\/190619451"}],"replies":[{"embeddable":true,"href":"https:\/\/estrendnoticias.com\/index.php?rest_route=%2Fwp%2Fv2%2Fcomments&post=3066"}],"version-history":[{"count":2,"href":"https:\/\/estrendnoticias.com\/index.php?rest_route=\/wp\/v2\/posts\/3066\/revisions"}],"predecessor-version":[{"id":3069,"href":"https:\/\/estrendnoticias.com\/index.php?rest_route=\/wp\/v2\/posts\/3066\/revisions\/3069"}],"wp:featuredmedia":[{"embeddable":true,"href":"https:\/\/estrendnoticias.com\/index.php?rest_route=\/wp\/v2\/media\/3068"}],"wp:attachment":[{"href":"https:\/\/estrendnoticias.com\/index.php?rest_route=%2Fwp%2Fv2%2Fmedia&parent=3066"}],"wp:term":[{"taxonomy":"category","embeddable":true,"href":"https:\/\/estrendnoticias.com\/index.php?rest_route=%2Fwp%2Fv2%2Fcategories&post=3066"},{"taxonomy":"post_tag","embeddable":true,"href":"https:\/\/estrendnoticias.com\/index.php?rest_route=%2Fwp%2Fv2%2Ftags&post=3066"}],"curies":[{"name":"wp","href":"https:\/\/api.w.org\/{rel}","templated":true}]}}